{"id":1120,"date":"2020-07-14T06:48:00","date_gmt":"2020-07-14T11:48:00","guid":{"rendered":"http:\/\/jmlcorporation.com\/espanol\/?p=1120"},"modified":"2020-08-07T08:53:09","modified_gmt":"2020-08-07T13:53:09","slug":"industria-del-transporte-maritimo-como-hacerlo-sostenible-y-apto-para-productos-refrigerados","status":"publish","type":"post","link":"https:\/\/jmlcorporation.com\/espanol\/blog\/industria-del-transporte-maritimo-como-hacerlo-sostenible-y-apto-para-productos-refrigerados\/","title":{"rendered":"Industria del transporte mar\u00edtimo: C\u00f3mo hacerlo sostenible y apto para productos refrigerados"},"content":{"rendered":"\n<p>Durante mucho tiempo, la industria mar\u00edtima ha tenido desaf\u00edos log\u00edsticos en lo que refiere a productos perecederos. En el \u00faltimo tiempo, la <a href=\"https:\/\/jmlcorporation.com\/espanol\/blog\/3-consejos-para-una-mejor-experiencia-con-el-transporte-maritimo\/\" target=\"_blank\" aria-label=\"undefined (opens in a new tab)\" rel=\"noreferrer noopener\">industria del transporte mar\u00edtimo<\/a> junto con servicios de comercio electr\u00f3nico de comestibles ha intentado hallar soluciones sostenibles para ambas.<\/p>\n\n\n\n<p>Por ejemplo, los contenedores refrigerados c\u00fabicos cuentan con 40 pies de alto y est\u00e1n equipados con el sistema de refrigeraciones NaturaLINE que utiliza refrigerantes naturales. Este sistema ayuda a proteger el medio ambiente mediante el uso de CO2 reutilizado, el cual ha demostrado ser el refrigerante con el menor potencial de calentamiento global (PCG) de todos los que se utilizan actualmente.<\/p>\n\n\n\n<p>Los t\u00edpicos contenedores de transporte mar\u00edtimo est\u00e1n hechos de acero duradero, con una utilidad media de 25 a\u00f1os, y adem\u00e1s, el transporte de carga con frecuencia implica un transporte directo con pocas paradas. Esto significa que la industria ya est\u00e1 por delante de muchos otros en t\u00e9rminos de sostenibilidad medioambiental. Estos contenedores permiten aumentar a\u00fan m\u00e1s sus niveles de sostenibilidad cuando se trasladan mercanc\u00edas como mariscos, productos b\u00e1sicos congelados, alimentos perecederos y productos farmac\u00e9uticos.<\/p>\n\n\n\n<p>En una escala mucho menor que el transporte de carga, Boxed Wholesale y TemperPack Technologies se han asociado para desarrollar y probar embalajes t\u00e9rmicos respetuosos con el medio ambiente para evitar que, por ejemplo, los chocolates se derritan durante los meses de verano. Boxed Wholesale es una empresa de comercio electr\u00f3nico que vende art\u00edculos comestibles a granel. Ellos y muchos de sus competidores han tenido que mantener los pedidos de chocolates y otros postres que tienden a derretirse durante el env\u00edo en los meses de verano. Con una combinaci\u00f3n de embalaje aislado y hielo seco los alimentos perecederos se pueden conservar de 24 a 48 horas durante el env\u00edo. Sin embargo, ese embalaje a menudo viene con desechos innecesarios.<\/p>\n\n\n\n<p>Para complacer a sus clientes y mantener los est\u00e1ndares de sostenibilidad, Boxed Wholesale recurri\u00f3 a TemperPack. El innovador embalaje de TemperPack no cuenta con ning\u00fan residuo de los que se asocian con la entrega de mercanc\u00edas termo sensibles. Mejor a\u00fan, el embalaje permite a Boxed atender a clientes de zonas en las que se tarda hasta dos d\u00edas en realizar la entrega.<\/p>\n","protected":false},"excerpt":{"rendered":"<p>Durante mucho tiempo, la industria mar\u00edtima ha tenido desaf\u00edos log\u00edsticos en lo que refiere a productos perecederos. En el \u00faltimo tiempo, la industria del transporte mar\u00edtimo junto con servicios de comercio electr\u00f3nico de comestibles ha intentado hallar soluciones sostenibles para ambas. Por ejemplo, los contenedores refrigerados c\u00fabicos cuentan con 40 pies de alto y est\u00e1n&hellip;<\/p>\n","protected":false},"author":1,"featured_media":1121,"comment_status":"closed","ping_status":"closed","sticky":false,"template":"","format":"standard","meta":{"_jetpack_memberships_contains_paid_content":false,"footnotes":""},"categories":[42],"tags":[43,163,164,161],"post_series":[],"class_list":["post-1120","post","type-post","status-publish","format-standard","has-post-thumbnail","hentry","category-carga-maritima","tag-carga-maritima","tag-carga-maritima-internacional","tag-industria-del-transporte-maritimo","tag-transporte-maritimo-2","entry","has-media"],"yoast_head":"<!-- This site is optimized with the Yoast SEO plugin v27.5 - https:\/\/yoast.com\/product\/yoast-seo-wordpress\/ -->\n<title>Industria del transporte mar\u00edtimo: C\u00f3mo hacerlo sostenible y apto para productos refrigerados - JML Corporation Espa\u00f1ol<\/title>\n<meta name=\"description\" content=\"En el \u00faltimo tiempo, la industria del transporte mar\u00edtimo junto con servicios de comercio electr\u00f3nico de comestibles ha intentado hallar soluciones sostenibles para ambas.\" \/>\n<meta name=\"robots\" content=\"index, follow, max-snippet:-1, max-image-preview:large, max-video-preview:-1\" \/>\n<link rel=\"canonical\" href=\"https:\/\/jmlcorporation.com\/espanol\/blog\/industria-del-transporte-maritimo-como-hacerlo-sostenible-y-apto-para-productos-refrigerados\/\" \/>\n<meta property=\"og:locale\" content=\"en_US\" \/>\n<meta property=\"og:type\" content=\"article\" \/>\n<meta property=\"og:title\" content=\"Industria del transporte mar\u00edtimo: C\u00f3mo hacerlo sostenible y apto para productos refrigerados - JML Corporation Espa\u00f1ol\" \/>\n<meta property=\"og:description\" content=\"En el \u00faltimo tiempo, la industria del transporte mar\u00edtimo junto con servicios de comercio electr\u00f3nico de comestibles ha intentado hallar soluciones sostenibles para ambas.\" \/>\n<meta property=\"og:url\" content=\"https:\/\/jmlcorporation.com\/espanol\/blog\/industria-del-transporte-maritimo-como-hacerlo-sostenible-y-apto-para-productos-refrigerados\/\" \/>\n<meta property=\"og:site_name\" content=\"JML Corporation Espa\u00f1ol\" \/>\n<meta property=\"article:publisher\" content=\"https:\/\/www.facebook.com\/pages\/JML-Cargo-Logistics\/259834600847493\" \/>\n<meta property=\"article:published_time\" content=\"2020-07-14T11:48:00+00:00\" \/>\n<meta property=\"article:modified_time\" content=\"2020-08-07T13:53:09+00:00\" \/>\n<meta property=\"og:image\" content=\"https:\/\/i0.wp.com\/jmlcorporation.com\/espanol\/wp-content\/uploads\/sites\/3\/2020\/08\/chuttersnap-5Rlrs3sKVJU-unsplash-scaled.jpg?fit=1800%2C1200&ssl=1\" \/>\n\t<meta property=\"og:image:width\" content=\"1800\" \/>\n\t<meta property=\"og:image:height\" content=\"1200\" \/>\n\t<meta property=\"og:image:type\" content=\"image\/jpeg\" \/>\n<meta name=\"author\" content=\"jmladmin\" \/>\n<meta name=\"twitter:card\" content=\"summary_large_image\" \/>\n<meta name=\"twitter:label1\" content=\"Written by\" \/>\n\t<meta name=\"twitter:data1\" content=\"jmladmin\" \/>\n\t<meta name=\"twitter:label2\" content=\"Est. reading time\" \/>\n\t<meta name=\"twitter:data2\" content=\"2 minutes\" \/>\n<script type=\"application\/ld+json\" class=\"yoast-schema-graph\">{\"@context\":\"https:\\\/\\\/schema.org\",\"@graph\":[{\"@type\":\"Article\",\"@id\":\"https:\\\/\\\/jmlcorporation.com\\\/espanol\\\/blog\\\/industria-del-transporte-maritimo-como-hacerlo-sostenible-y-apto-para-productos-refrigerados\\\/#article\",\"isPartOf\":{\"@id\":\"https:\\\/\\\/jmlcorporation.com\\\/espanol\\\/blog\\\/industria-del-transporte-maritimo-como-hacerlo-sostenible-y-apto-para-productos-refrigerados\\\/\"},\"author\":{\"name\":\"jmladmin\",\"@id\":\"https:\\\/\\\/jmlcorporation.com\\\/espanol\\\/#\\\/schema\\\/person\\\/e19a6a866b61ebf2a970977cfe1589f0\"},\"headline\":\"Industria del transporte mar\u00edtimo: C\u00f3mo hacerlo sostenible y apto para productos refrigerados\",\"datePublished\":\"2020-07-14T11:48:00+00:00\",\"dateModified\":\"2020-08-07T13:53:09+00:00\",\"mainEntityOfPage\":{\"@id\":\"https:\\\/\\\/jmlcorporation.com\\\/espanol\\\/blog\\\/industria-del-transporte-maritimo-como-hacerlo-sostenible-y-apto-para-productos-refrigerados\\\/\"},\"wordCount\":396,\"publisher\":{\"@id\":\"https:\\\/\\\/jmlcorporation.com\\\/espanol\\\/#organization\"},\"image\":{\"@id\":\"https:\\\/\\\/jmlcorporation.com\\\/espanol\\\/blog\\\/industria-del-transporte-maritimo-como-hacerlo-sostenible-y-apto-para-productos-refrigerados\\\/#primaryimage\"},\"thumbnailUrl\":\"https:\\\/\\\/i0.wp.com\\\/jmlcorporation.com\\\/espanol\\\/wp-content\\\/uploads\\\/sites\\\/3\\\/2020\\\/08\\\/chuttersnap-5Rlrs3sKVJU-unsplash-scaled.jpg?fit=1800%2C1200&ssl=1\",\"keywords\":[\"Carga mar\u00edtima\",\"carga mar\u00edtima internacional\",\"Industria del transporte mar\u00edtimo\",\"Transporte mar\u00edtimo\"],\"articleSection\":[\"Carga mar\u00edtima\"],\"inLanguage\":\"en-US\"},{\"@type\":\"WebPage\",\"@id\":\"https:\\\/\\\/jmlcorporation.com\\\/espanol\\\/blog\\\/industria-del-transporte-maritimo-como-hacerlo-sostenible-y-apto-para-productos-refrigerados\\\/\",\"url\":\"https:\\\/\\\/jmlcorporation.com\\\/espanol\\\/blog\\\/industria-del-transporte-maritimo-como-hacerlo-sostenible-y-apto-para-productos-refrigerados\\\/\",\"name\":\"Industria del transporte mar\u00edtimo: C\u00f3mo hacerlo sostenible y apto para productos refrigerados - JML Corporation Espa\u00f1ol\",\"isPartOf\":{\"@id\":\"https:\\\/\\\/jmlcorporation.com\\\/espanol\\\/#website\"},\"primaryImageOfPage\":{\"@id\":\"https:\\\/\\\/jmlcorporation.com\\\/espanol\\\/blog\\\/industria-del-transporte-maritimo-como-hacerlo-sostenible-y-apto-para-productos-refrigerados\\\/#primaryimage\"},\"image\":{\"@id\":\"https:\\\/\\\/jmlcorporation.com\\\/espanol\\\/blog\\\/industria-del-transporte-maritimo-como-hacerlo-sostenible-y-apto-para-productos-refrigerados\\\/#primaryimage\"},\"thumbnailUrl\":\"https:\\\/\\\/i0.wp.com\\\/jmlcorporation.com\\\/espanol\\\/wp-content\\\/uploads\\\/sites\\\/3\\\/2020\\\/08\\\/chuttersnap-5Rlrs3sKVJU-unsplash-scaled.jpg?fit=1800%2C1200&ssl=1\",\"datePublished\":\"2020-07-14T11:48:00+00:00\",\"dateModified\":\"2020-08-07T13:53:09+00:00\",\"description\":\"En el \u00faltimo tiempo, la industria del transporte mar\u00edtimo junto con servicios de comercio electr\u00f3nico de comestibles ha intentado hallar soluciones sostenibles para ambas.\",\"breadcrumb\":{\"@id\":\"https:\\\/\\\/jmlcorporation.com\\\/espanol\\\/blog\\\/industria-del-transporte-maritimo-como-hacerlo-sostenible-y-apto-para-productos-refrigerados\\\/#breadcrumb\"},\"inLanguage\":\"en-US\",\"potentialAction\":[{\"@type\":\"ReadAction\",\"target\":[\"https:\\\/\\\/jmlcorporation.com\\\/espanol\\\/blog\\\/industria-del-transporte-maritimo-como-hacerlo-sostenible-y-apto-para-productos-refrigerados\\\/\"]}]},{\"@type\":\"ImageObject\",\"inLanguage\":\"en-US\",\"@id\":\"https:\\\/\\\/jmlcorporation.com\\\/espanol\\\/blog\\\/industria-del-transporte-maritimo-como-hacerlo-sostenible-y-apto-para-productos-refrigerados\\\/#primaryimage\",\"url\":\"https:\\\/\\\/i0.wp.com\\\/jmlcorporation.com\\\/espanol\\\/wp-content\\\/uploads\\\/sites\\\/3\\\/2020\\\/08\\\/chuttersnap-5Rlrs3sKVJU-unsplash-scaled.jpg?fit=1800%2C1200&ssl=1\",\"contentUrl\":\"https:\\\/\\\/i0.wp.com\\\/jmlcorporation.com\\\/espanol\\\/wp-content\\\/uploads\\\/sites\\\/3\\\/2020\\\/08\\\/chuttersnap-5Rlrs3sKVJU-unsplash-scaled.jpg?fit=1800%2C1200&ssl=1\",\"width\":1800,\"height\":1200,\"caption\":\"Industria del transporte mar\u00edtimo\"},{\"@type\":\"BreadcrumbList\",\"@id\":\"https:\\\/\\\/jmlcorporation.com\\\/espanol\\\/blog\\\/industria-del-transporte-maritimo-como-hacerlo-sostenible-y-apto-para-productos-refrigerados\\\/#breadcrumb\",\"itemListElement\":[{\"@type\":\"ListItem\",\"position\":1,\"name\":\"Home\",\"item\":\"https:\\\/\\\/jmlcorporation.com\\\/espanol\\\/\"},{\"@type\":\"ListItem\",\"position\":2,\"name\":\"Industria del transporte mar\u00edtimo: C\u00f3mo hacerlo sostenible y apto para productos refrigerados\"}]},{\"@type\":\"WebSite\",\"@id\":\"https:\\\/\\\/jmlcorporation.com\\\/espanol\\\/#website\",\"url\":\"https:\\\/\\\/jmlcorporation.com\\\/espanol\\\/\",\"name\":\"JML Corporation\",\"description\":\"Cargo Services Miami - BVI\",\"publisher\":{\"@id\":\"https:\\\/\\\/jmlcorporation.com\\\/espanol\\\/#organization\"},\"potentialAction\":[{\"@type\":\"SearchAction\",\"target\":{\"@type\":\"EntryPoint\",\"urlTemplate\":\"https:\\\/\\\/jmlcorporation.com\\\/espanol\\\/?s={search_term_string}\"},\"query-input\":{\"@type\":\"PropertyValueSpecification\",\"valueRequired\":true,\"valueName\":\"search_term_string\"}}],\"inLanguage\":\"en-US\"},{\"@type\":\"Organization\",\"@id\":\"https:\\\/\\\/jmlcorporation.com\\\/espanol\\\/#organization\",\"name\":\"JML Corpporation\",\"url\":\"https:\\\/\\\/jmlcorporation.com\\\/espanol\\\/\",\"logo\":{\"@type\":\"ImageObject\",\"inLanguage\":\"en-US\",\"@id\":\"https:\\\/\\\/jmlcorporation.com\\\/espanol\\\/#\\\/schema\\\/logo\\\/image\\\/\",\"url\":\"https:\\\/\\\/jmlcorporation.com\\\/espanol\\\/wp-content\\\/uploads\\\/sites\\\/3\\\/2015\\\/05\\\/jml-logo-icon-152.png\",\"contentUrl\":\"https:\\\/\\\/jmlcorporation.com\\\/espanol\\\/wp-content\\\/uploads\\\/sites\\\/3\\\/2015\\\/05\\\/jml-logo-icon-152.png\",\"width\":152,\"height\":152,\"caption\":\"JML Corpporation\"},\"image\":{\"@id\":\"https:\\\/\\\/jmlcorporation.com\\\/espanol\\\/#\\\/schema\\\/logo\\\/image\\\/\"},\"sameAs\":[\"https:\\\/\\\/www.facebook.com\\\/pages\\\/JML-Cargo-Logistics\\\/259834600847493\"]},{\"@type\":\"Person\",\"@id\":\"https:\\\/\\\/jmlcorporation.com\\\/espanol\\\/#\\\/schema\\\/person\\\/e19a6a866b61ebf2a970977cfe1589f0\",\"name\":\"jmladmin\",\"image\":{\"@type\":\"ImageObject\",\"inLanguage\":\"en-US\",\"@id\":\"https:\\\/\\\/secure.gravatar.com\\\/avatar\\\/e5155b98e64cd7fa4fef2a4fa1f752931ded101ceb21c8d3ae21ee6a20e4fb18?s=96&d=mm&r=g\",\"url\":\"https:\\\/\\\/secure.gravatar.com\\\/avatar\\\/e5155b98e64cd7fa4fef2a4fa1f752931ded101ceb21c8d3ae21ee6a20e4fb18?s=96&d=mm&r=g\",\"contentUrl\":\"https:\\\/\\\/secure.gravatar.com\\\/avatar\\\/e5155b98e64cd7fa4fef2a4fa1f752931ded101ceb21c8d3ae21ee6a20e4fb18?s=96&d=mm&r=g\",\"caption\":\"jmladmin\"}}]}<\/script>\n<!-- \/ Yoast SEO plugin. -->","yoast_head_json":{"title":"Industria del transporte mar\u00edtimo: C\u00f3mo hacerlo sostenible y apto para productos refrigerados - JML Corporation Espa\u00f1ol","description":"En el \u00faltimo tiempo, la industria del transporte mar\u00edtimo junto con servicios de comercio electr\u00f3nico de comestibles ha intentado hallar soluciones sostenibles para ambas.","robots":{"index":"index","follow":"follow","max-snippet":"max-snippet:-1","max-image-preview":"max-image-preview:large","max-video-preview":"max-video-preview:-1"},"canonical":"https:\/\/jmlcorporation.com\/espanol\/blog\/industria-del-transporte-maritimo-como-hacerlo-sostenible-y-apto-para-productos-refrigerados\/","og_locale":"en_US","og_type":"article","og_title":"Industria del transporte mar\u00edtimo: C\u00f3mo hacerlo sostenible y apto para productos refrigerados - JML Corporation Espa\u00f1ol","og_description":"En el \u00faltimo tiempo, la industria del transporte mar\u00edtimo junto con servicios de comercio electr\u00f3nico de comestibles ha intentado hallar soluciones sostenibles para ambas.","og_url":"https:\/\/jmlcorporation.com\/espanol\/blog\/industria-del-transporte-maritimo-como-hacerlo-sostenible-y-apto-para-productos-refrigerados\/","og_site_name":"JML Corporation Espa\u00f1ol","article_publisher":"https:\/\/www.facebook.com\/pages\/JML-Cargo-Logistics\/259834600847493","article_published_time":"2020-07-14T11:48:00+00:00","article_modified_time":"2020-08-07T13:53:09+00:00","og_image":[{"width":1800,"height":1200,"url":"https:\/\/i0.wp.com\/jmlcorporation.com\/espanol\/wp-content\/uploads\/sites\/3\/2020\/08\/chuttersnap-5Rlrs3sKVJU-unsplash-scaled.jpg?fit=1800%2C1200&ssl=1","type":"image\/jpeg"}],"author":"jmladmin","twitter_card":"summary_large_image","twitter_misc":{"Written by":"jmladmin","Est. reading time":"2 minutes"},"schema":{"@context":"https:\/\/schema.org","@graph":[{"@type":"Article","@id":"https:\/\/jmlcorporation.com\/espanol\/blog\/industria-del-transporte-maritimo-como-hacerlo-sostenible-y-apto-para-productos-refrigerados\/#article","isPartOf":{"@id":"https:\/\/jmlcorporation.com\/espanol\/blog\/industria-del-transporte-maritimo-como-hacerlo-sostenible-y-apto-para-productos-refrigerados\/"},"author":{"name":"jmladmin","@id":"https:\/\/jmlcorporation.com\/espanol\/#\/schema\/person\/e19a6a866b61ebf2a970977cfe1589f0"},"headline":"Industria del transporte mar\u00edtimo: C\u00f3mo hacerlo sostenible y apto para productos refrigerados","datePublished":"2020-07-14T11:48:00+00:00","dateModified":"2020-08-07T13:53:09+00:00","mainEntityOfPage":{"@id":"https:\/\/jmlcorporation.com\/espanol\/blog\/industria-del-transporte-maritimo-como-hacerlo-sostenible-y-apto-para-productos-refrigerados\/"},"wordCount":396,"publisher":{"@id":"https:\/\/jmlcorporation.com\/espanol\/#organization"},"image":{"@id":"https:\/\/jmlcorporation.com\/espanol\/blog\/industria-del-transporte-maritimo-como-hacerlo-sostenible-y-apto-para-productos-refrigerados\/#primaryimage"},"thumbnailUrl":"https:\/\/i0.wp.com\/jmlcorporation.com\/espanol\/wp-content\/uploads\/sites\/3\/2020\/08\/chuttersnap-5Rlrs3sKVJU-unsplash-scaled.jpg?fit=1800%2C1200&ssl=1","keywords":["Carga mar\u00edtima","carga mar\u00edtima internacional","Industria del transporte mar\u00edtimo","Transporte mar\u00edtimo"],"articleSection":["Carga mar\u00edtima"],"inLanguage":"en-US"},{"@type":"WebPage","@id":"https:\/\/jmlcorporation.com\/espanol\/blog\/industria-del-transporte-maritimo-como-hacerlo-sostenible-y-apto-para-productos-refrigerados\/","url":"https:\/\/jmlcorporation.com\/espanol\/blog\/industria-del-transporte-maritimo-como-hacerlo-sostenible-y-apto-para-productos-refrigerados\/","name":"Industria del transporte mar\u00edtimo: C\u00f3mo hacerlo sostenible y apto para productos refrigerados - JML Corporation Espa\u00f1ol","isPartOf":{"@id":"https:\/\/jmlcorporation.com\/espanol\/#website"},"primaryImageOfPage":{"@id":"https:\/\/jmlcorporation.com\/espanol\/blog\/industria-del-transporte-maritimo-como-hacerlo-sostenible-y-apto-para-productos-refrigerados\/#primaryimage"},"image":{"@id":"https:\/\/jmlcorporation.com\/espanol\/blog\/industria-del-transporte-maritimo-como-hacerlo-sostenible-y-apto-para-productos-refrigerados\/#primaryimage"},"thumbnailUrl":"https:\/\/i0.wp.com\/jmlcorporation.com\/espanol\/wp-content\/uploads\/sites\/3\/2020\/08\/chuttersnap-5Rlrs3sKVJU-unsplash-scaled.jpg?fit=1800%2C1200&ssl=1","datePublished":"2020-07-14T11:48:00+00:00","dateModified":"2020-08-07T13:53:09+00:00","description":"En el \u00faltimo tiempo, la industria del transporte mar\u00edtimo junto con servicios de comercio electr\u00f3nico de comestibles ha intentado hallar soluciones sostenibles para ambas.","breadcrumb":{"@id":"https:\/\/jmlcorporation.com\/espanol\/blog\/industria-del-transporte-maritimo-como-hacerlo-sostenible-y-apto-para-productos-refrigerados\/#breadcrumb"},"inLanguage":"en-US","potentialAction":[{"@type":"ReadAction","target":["https:\/\/jmlcorporation.com\/espanol\/blog\/industria-del-transporte-maritimo-como-hacerlo-sostenible-y-apto-para-productos-refrigerados\/"]}]},{"@type":"ImageObject","inLanguage":"en-US","@id":"https:\/\/jmlcorporation.com\/espanol\/blog\/industria-del-transporte-maritimo-como-hacerlo-sostenible-y-apto-para-productos-refrigerados\/#primaryimage","url":"https:\/\/i0.wp.com\/jmlcorporation.com\/espanol\/wp-content\/uploads\/sites\/3\/2020\/08\/chuttersnap-5Rlrs3sKVJU-unsplash-scaled.jpg?fit=1800%2C1200&ssl=1","contentUrl":"https:\/\/i0.wp.com\/jmlcorporation.com\/espanol\/wp-content\/uploads\/sites\/3\/2020\/08\/chuttersnap-5Rlrs3sKVJU-unsplash-scaled.jpg?fit=1800%2C1200&ssl=1","width":1800,"height":1200,"caption":"Industria del transporte mar\u00edtimo"},{"@type":"BreadcrumbList","@id":"https:\/\/jmlcorporation.com\/espanol\/blog\/industria-del-transporte-maritimo-como-hacerlo-sostenible-y-apto-para-productos-refrigerados\/#breadcrumb","itemListElement":[{"@type":"ListItem","position":1,"name":"Home","item":"https:\/\/jmlcorporation.com\/espanol\/"},{"@type":"ListItem","position":2,"name":"Industria del transporte mar\u00edtimo: C\u00f3mo hacerlo sostenible y apto para productos refrigerados"}]},{"@type":"WebSite","@id":"https:\/\/jmlcorporation.com\/espanol\/#website","url":"https:\/\/jmlcorporation.com\/espanol\/","name":"JML Corporation","description":"Cargo Services Miami - BVI","publisher":{"@id":"https:\/\/jmlcorporation.com\/espanol\/#organization"},"potentialAction":[{"@type":"SearchAction","target":{"@type":"EntryPoint","urlTemplate":"https:\/\/jmlcorporation.com\/espanol\/?s={search_term_string}"},"query-input":{"@type":"PropertyValueSpecification","valueRequired":true,"valueName":"search_term_string"}}],"inLanguage":"en-US"},{"@type":"Organization","@id":"https:\/\/jmlcorporation.com\/espanol\/#organization","name":"JML Corpporation","url":"https:\/\/jmlcorporation.com\/espanol\/","logo":{"@type":"ImageObject","inLanguage":"en-US","@id":"https:\/\/jmlcorporation.com\/espanol\/#\/schema\/logo\/image\/","url":"https:\/\/jmlcorporation.com\/espanol\/wp-content\/uploads\/sites\/3\/2015\/05\/jml-logo-icon-152.png","contentUrl":"https:\/\/jmlcorporation.com\/espanol\/wp-content\/uploads\/sites\/3\/2015\/05\/jml-logo-icon-152.png","width":152,"height":152,"caption":"JML Corpporation"},"image":{"@id":"https:\/\/jmlcorporation.com\/espanol\/#\/schema\/logo\/image\/"},"sameAs":["https:\/\/www.facebook.com\/pages\/JML-Cargo-Logistics\/259834600847493"]},{"@type":"Person","@id":"https:\/\/jmlcorporation.com\/espanol\/#\/schema\/person\/e19a6a866b61ebf2a970977cfe1589f0","name":"jmladmin","image":{"@type":"ImageObject","inLanguage":"en-US","@id":"https:\/\/secure.gravatar.com\/avatar\/e5155b98e64cd7fa4fef2a4fa1f752931ded101ceb21c8d3ae21ee6a20e4fb18?s=96&d=mm&r=g","url":"https:\/\/secure.gravatar.com\/avatar\/e5155b98e64cd7fa4fef2a4fa1f752931ded101ceb21c8d3ae21ee6a20e4fb18?s=96&d=mm&r=g","contentUrl":"https:\/\/secure.gravatar.com\/avatar\/e5155b98e64cd7fa4fef2a4fa1f752931ded101ceb21c8d3ae21ee6a20e4fb18?s=96&d=mm&r=g","caption":"jmladmin"}}]}},"jetpack_featured_media_url":"https:\/\/i0.wp.com\/jmlcorporation.com\/espanol\/wp-content\/uploads\/sites\/3\/2020\/08\/chuttersnap-5Rlrs3sKVJU-unsplash-scaled.jpg?fit=1800%2C1200&ssl=1","jetpack_sharing_enabled":true,"_links":{"self":[{"href":"https:\/\/jmlcorporation.com\/espanol\/wp-json\/wp\/v2\/posts\/1120","targetHints":{"allow":["GET"]}}],"collection":[{"href":"https:\/\/jmlcorporation.com\/espanol\/wp-json\/wp\/v2\/posts"}],"about":[{"href":"https:\/\/jmlcorporation.com\/espanol\/wp-json\/wp\/v2\/types\/post"}],"author":[{"embeddable":true,"href":"https:\/\/jmlcorporation.com\/espanol\/wp-json\/wp\/v2\/users\/1"}],"replies":[{"embeddable":true,"href":"https:\/\/jmlcorporation.com\/espanol\/wp-json\/wp\/v2\/comments?post=1120"}],"version-history":[{"count":0,"href":"https:\/\/jmlcorporation.com\/espanol\/wp-json\/wp\/v2\/posts\/1120\/revisions"}],"wp:featuredmedia":[{"embeddable":true,"href":"https:\/\/jmlcorporation.com\/espanol\/wp-json\/wp\/v2\/media\/1121"}],"wp:attachment":[{"href":"https:\/\/jmlcorporation.com\/espanol\/wp-json\/wp\/v2\/media?parent=1120"}],"wp:term":[{"taxonomy":"category","embeddable":true,"href":"https:\/\/jmlcorporation.com\/espanol\/wp-json\/wp\/v2\/categories?post=1120"},{"taxonomy":"post_tag","embeddable":true,"href":"https:\/\/jmlcorporation.com\/espanol\/wp-json\/wp\/v2\/tags?post=1120"},{"taxonomy":"post_series","embeddable":true,"href":"https:\/\/jmlcorporation.com\/espanol\/wp-json\/wp\/v2\/post_series?post=1120"}],"curies":[{"name":"wp","href":"https:\/\/api.w.org\/{rel}","templated":true}]}}